{"id":1017,"date":"2015-03-09T19:22:40","date_gmt":"2015-03-09T18:22:40","guid":{"rendered":"http:\/\/os-tinjenova.splet.arnes.si\/?p=1017"},"modified":"2015-03-09T19:23:11","modified_gmt":"2015-03-09T18:23:11","slug":"vabilo-na-pomladno-prireditev","status":"publish","type":"post","link":"https:\/\/os-tinjenova.splet.arnes.si\/?p=1017","title":{"rendered":"VABILO NA POMLADNO PRIREDITEV"},"content":{"rendered":"<p style=\"text-align: center\"><span style=\"color: #000000\"><a href=\"http:\/\/os-tinjenova.splet.arnes.si\/files\/2014\/11\/marjetke.jpg\"><img loading=\"lazy\" decoding=\"async\" class=\"alignleft  wp-image-818\" src=\"http:\/\/os-tinjenova.splet.arnes.si\/files\/2014\/11\/marjetke.jpg\" alt=\"marjetke\" width=\"401\" height=\"325\" srcset=\"https:\/\/os-tinjenova.splet.arnes.si\/files\/2014\/11\/marjetke.jpg 800w, https:\/\/os-tinjenova.splet.arnes.si\/files\/2014\/11\/marjetke-300x243.jpg 300w\" sizes=\"(max-width: 401px) 100vw, 401px\" \/><\/a>SPO\u0160TOVANE MAMICE OTROK VRTCA IN \u0160OLE TER DRUGE KRAJANKE<\/span><\/p>\n<p style=\"text-align: center\"><span style=\"color: #000000\">Ob va\u0161em prazniku vas otroci vrtca, u\u010denci \u0161ole in zaposleni <\/span><\/p>\n<p style=\"text-align: center\"><span style=\"color: #000000\">VABIMO NA PRIREDITEV,<\/span><\/p>\n<p style=\"text-align: center\"><span style=\"color: #000000\">ki bo v<\/span><\/p>\n<p style=\"text-align: center\"><strong><span style=\"color: #ff6600\">PETEK, 13. MARCA 2015, OB 16.00 URI, <\/span><\/strong><\/p>\n<p style=\"text-align: center\"><strong><span style=\"color: #ff6600\">V DOMU KRAJANOV IN GASILCEV TINJE.<\/span><\/strong><\/p>\n<p style=\"text-align: center\"><span style=\"color: #000000\">\u00a0<\/span><\/p>\n<p style=\"text-align: center\">\n<p style=\"text-align: center\">\n<p style=\"text-align: center\"><span style=\"color: #000000\">Za vas smo pripravili kulturni program in po njem \u0161e manj\u0161o pogostitev. <\/span><\/p>\n<p style=\"text-align: center\"><span style=\"color: #000000\">Veselimo se va\u0161ega obiska. <\/span><\/p>\n<p style=\"text-align: center\"><span style=\"color: #000000\">Vodja enote vrtca Tinje:\u00a0\u00a0\u00a0\u00a0\u00a0\u00a0\u00a0\u00a0\u00a0\u00a0\u00a0\u00a0\u00a0\u00a0\u00a0\u00a0\u00a0\u00a0\u00a0\u00a0\u00a0\u00a0\u00a0\u00a0\u00a0\u00a0\u00a0\u00a0\u00a0\u00a0\u00a0\u00a0\u00a0\u00a0\u00a0\u00a0\u00a0\u00a0\u00a0\u00a0\u00a0\u00a0\u00a0\u00a0\u00a0\u00a0\u00a0\u00a0\u00a0\u00a0\u00a0\u00a0\u00a0\u00a0\u00a0\u00a0\u00a0\u00a0\u00a0\u00a0\u00a0\u00a0\u00a0\u00a0\u00a0\u00a0\u00a0\u00a0\u00a0\u00a0\u00a0\u00a0\u00a0\u00a0\u00a0\u00a0\u00a0\u00a0 \u00a0\u00a0\u00a0\u00a0 Ravnatelj:<\/span><\/p>\n<p style=\"text-align: center\"><span style=\"color: #000000\">Ljuba Jeli\u010d\u00a0\u00a0\u00a0\u00a0\u00a0\u00a0\u00a0\u00a0\u00a0\u00a0\u00a0\u00a0\u00a0\u00a0\u00a0\u00a0\u00a0\u00a0 \u00a0\u00a0\u00a0\u00a0\u00a0\u00a0\u00a0\u00a0 \u00a0\u00a0\u00a0\u00a0\u00a0\u00a0\u00a0\u00a0\u00a0\u00a0\u00a0\u00a0\u00a0\u00a0\u00a0\u00a0\u00a0\u00a0\u00a0\u00a0\u00a0\u00a0\u00a0\u00a0\u00a0\u00a0\u00a0\u00a0\u00a0\u00a0\u00a0\u00a0\u00a0\u00a0\u00a0\u00a0 \u00a0\u00a0\u00a0\u00a0\u00a0\u00a0\u00a0\u00a0\u00a0\u00a0\u00a0\u00a0\u00a0\u00a0\u00a0\u00a0\u00a0\u00a0\u00a0\u00a0\u00a0\u00a0\u00a0\u00a0\u00a0\u00a0\u00a0\u00a0\u00a0\u00a0\u00a0\u00a0\u00a0 \u00a0\u00a0\u00a0\u00a0\u00a0Ivan Kova\u010di\u010d<\/span><\/p>\n<p>&nbsp;<\/p>\n","protected":false},"excerpt":{"rendered":"<p>SPO\u0160TOVANE MAMICE OTROK VRTCA IN \u0160OLE TER DRUGE KRAJANKE Ob va\u0161em prazniku vas otroci vrtca, u\u010denci \u0161ole in zaposleni VABIMO NA PRIREDITEV, ki bo v PETEK, 13. MARCA 2015, OB 16.00 URI, V DOMU KRAJANOV IN GASILCEV TINJE. \u00a0 Za vas smo pripravili kulturni program in po njem \u0161e manj\u0161o pogostitev. Veselimo se va\u0161ega obiska. [&hellip;]<\/p>\n","protected":false},"author":2887,"featured_media":0,"comment_status":"closed","ping_status":"closed","sticky":false,"template":"","format":"standard","meta":{"_et_pb_use_builder":"","_et_pb_old_content":"","_et_gb_content_width":"","ngg_post_thumbnail":0,"footnotes":""},"categories":[1],"tags":[],"class_list":["post-1017","post","type-post","status-publish","format-standard","hentry","category-nerazvrsceno"],"_links":{"self":[{"href":"https:\/\/os-tinjenova.splet.arnes.si\/index.php?rest_route=\/wp\/v2\/posts\/1017","targetHints":{"allow":["GET"]}}],"collection":[{"href":"https:\/\/os-tinjenova.splet.arnes.si\/index.php?rest_route=\/wp\/v2\/posts"}],"about":[{"href":"https:\/\/os-tinjenova.splet.arnes.si\/index.php?rest_route=\/wp\/v2\/types\/post"}],"author":[{"embeddable":true,"href":"https:\/\/os-tinjenova.splet.arnes.si\/index.php?rest_route=\/wp\/v2\/users\/2887"}],"replies":[{"embeddable":true,"href":"https:\/\/os-tinjenova.splet.arnes.si\/index.php?rest_route=%2Fwp%2Fv2%2Fcomments&post=1017"}],"version-history":[{"count":2,"href":"https:\/\/os-tinjenova.splet.arnes.si\/index.php?rest_route=\/wp\/v2\/posts\/1017\/revisions"}],"predecessor-version":[{"id":1019,"href":"https:\/\/os-tinjenova.splet.arnes.si\/index.php?rest_route=\/wp\/v2\/posts\/1017\/revisions\/1019"}],"wp:attachment":[{"href":"https:\/\/os-tinjenova.splet.arnes.si\/index.php?rest_route=%2Fwp%2Fv2%2Fmedia&parent=1017"}],"wp:term":[{"taxonomy":"category","embeddable":true,"href":"https:\/\/os-tinjenova.splet.arnes.si\/index.php?rest_route=%2Fwp%2Fv2%2Fcategories&post=1017"},{"taxonomy":"post_tag","embeddable":true,"href":"https:\/\/os-tinjenova.splet.arnes.si\/index.php?rest_route=%2Fwp%2Fv2%2Ftags&post=1017"}],"curies":[{"name":"wp","href":"https:\/\/api.w.org\/{rel}","templated":true}]}}