{"id":1079,"date":"2015-06-18T10:11:42","date_gmt":"2015-06-18T08:11:42","guid":{"rendered":"http:\/\/os-tinjenova.splet.arnes.si\/?p=1079"},"modified":"2015-06-27T07:00:35","modified_gmt":"2015-06-27T05:00:35","slug":"na-radiu-maribor","status":"publish","type":"post","link":"https:\/\/os-tinjenova.splet.arnes.si\/?p=1079","title":{"rendered":"NA RADIU MARIBOR"},"content":{"rendered":"<p>\u0160olska radijska ekipa, ki je od pri\u010detka marca ustvarjala oddaje na \u0161olskem radiu, je v sredo 17. junija 2015, obiskala Radio Maribor\u00a0 in si. Urednik Marjan Kokol nam je pokazal vse skrite koti\u010dke radia si. Navdu\u0161eni smo bili nad gluho sobo in hodnikom, novimi prostori radia si., katere smo videli prvi. Bili smo pri\u010da pogovoru s pevcem skupine Sidarta, sedeli na super stolih in \u0161e in \u0161e. Za konec smo v snemalnem studiu upravljalii s kamerami in lu\u010dmi ter igrali goste in novinarje. Bilo je super.<\/p>\n<p>Ekipa Radia Pohorska frekvenca: Anemari, Bla\u017eka, Ema, Ale\u0161, Alja\u017e in \u010crt<\/p>\n<p>&nbsp;<\/p>\nngg_shortcode_0_placeholder\n","protected":false},"excerpt":{"rendered":"<p>\u0160olska radijska ekipa, ki je od pri\u010detka marca ustvarjala oddaje na \u0161olskem radiu, je v sredo 17. junija 2015, obiskala Radio Maribor\u00a0 in si. Urednik Marjan Kokol nam je pokazal vse skrite koti\u010dke radia si. Navdu\u0161eni smo bili nad gluho sobo in hodnikom, novimi prostori radia si., katere smo videli prvi. Bili smo pri\u010da pogovoru [&hellip;]<\/p>\n","protected":false},"author":2887,"featured_media":0,"comment_status":"closed","ping_status":"closed","sticky":false,"template":"","format":"standard","meta":{"_et_pb_use_builder":"","_et_pb_old_content":"","_et_gb_content_width":"","ngg_post_thumbnail":0,"footnotes":""},"categories":[1],"tags":[],"class_list":["post-1079","post","type-post","status-publish","format-standard","hentry","category-nerazvrsceno"],"_links":{"self":[{"href":"https:\/\/os-tinjenova.splet.arnes.si\/index.php?rest_route=\/wp\/v2\/posts\/1079","targetHints":{"allow":["GET"]}}],"collection":[{"href":"https:\/\/os-tinjenova.splet.arnes.si\/index.php?rest_route=\/wp\/v2\/posts"}],"about":[{"href":"https:\/\/os-tinjenova.splet.arnes.si\/index.php?rest_route=\/wp\/v2\/types\/post"}],"author":[{"embeddable":true,"href":"https:\/\/os-tinjenova.splet.arnes.si\/index.php?rest_route=\/wp\/v2\/users\/2887"}],"replies":[{"embeddable":true,"href":"https:\/\/os-tinjenova.splet.arnes.si\/index.php?rest_route=%2Fwp%2Fv2%2Fcomments&post=1079"}],"version-history":[{"count":3,"href":"https:\/\/os-tinjenova.splet.arnes.si\/index.php?rest_route=\/wp\/v2\/posts\/1079\/revisions"}],"predecessor-version":[{"id":1087,"href":"https:\/\/os-tinjenova.splet.arnes.si\/index.php?rest_route=\/wp\/v2\/posts\/1079\/revisions\/1087"}],"wp:attachment":[{"href":"https:\/\/os-tinjenova.splet.arnes.si\/index.php?rest_route=%2Fwp%2Fv2%2Fmedia&parent=1079"}],"wp:term":[{"taxonomy":"category","embeddable":true,"href":"https:\/\/os-tinjenova.splet.arnes.si\/index.php?rest_route=%2Fwp%2Fv2%2Fcategories&post=1079"},{"taxonomy":"post_tag","embeddable":true,"href":"https:\/\/os-tinjenova.splet.arnes.si\/index.php?rest_route=%2Fwp%2Fv2%2Ftags&post=1079"}],"curies":[{"name":"wp","href":"https:\/\/api.w.org\/{rel}","templated":true}]}}