{"id":1119,"date":"2015-09-16T20:58:07","date_gmt":"2015-09-16T18:58:07","guid":{"rendered":"http:\/\/os-tinjenova.splet.arnes.si\/?p=1119"},"modified":"2015-09-16T20:58:07","modified_gmt":"2015-09-16T18:58:07","slug":"obvestilo-pikin-festival","status":"publish","type":"post","link":"https:\/\/os-tinjenova.splet.arnes.si\/?p=1119","title":{"rendered":"OBVESTILO PIKIN FESTIVAL"},"content":{"rendered":"<p><a href=\"http:\/\/os-tinjenova.splet.arnes.si\/files\/2015\/09\/521379bb2019a.jpg\"><img loading=\"lazy\" decoding=\"async\" class=\"alignleft  wp-image-1120\" src=\"http:\/\/os-tinjenova.splet.arnes.si\/files\/2015\/09\/521379bb2019a.jpg\" alt=\"_521379bb2019a\" width=\"271\" height=\"274\" srcset=\"https:\/\/os-tinjenova.splet.arnes.si\/files\/2015\/09\/521379bb2019a.jpg 395w, https:\/\/os-tinjenova.splet.arnes.si\/files\/2015\/09\/521379bb2019a-296x300.jpg 296w\" sizes=\"(max-width: 271px) 100vw, 271px\" \/><\/a> V ponedeljek, 21. septembra 2015, bodo u\u010denci od 1. do 4. razreda obiskali PIKIN FESTIVAL v Velenju. Odhod je ob 7. 30 uri izpred \u0161ole.\u00a0 Malico dobijo v \u0161oli. Otroci naj bodo primerno oble\u010deni in obuti. Vra\u010damo se predvidoma ob 13.30 uri.<\/p>\n<p style=\"text-align: right\">razredni\u010darke od 1. do 4. razreda<\/p>\n","protected":false},"excerpt":{"rendered":"<p>V ponedeljek, 21. septembra 2015, bodo u\u010denci od 1. do 4. razreda obiskali PIKIN FESTIVAL v Velenju. Odhod je ob 7. 30 uri izpred \u0161ole.\u00a0 Malico dobijo v \u0161oli. Otroci naj bodo primerno oble\u010deni in obuti. Vra\u010damo se predvidoma ob 13.30 uri. razredni\u010darke od 1. do 4. razreda<\/p>\n","protected":false},"author":2887,"featured_media":0,"comment_status":"closed","ping_status":"closed","sticky":false,"template":"","format":"standard","meta":{"_et_pb_use_builder":"","_et_pb_old_content":"","_et_gb_content_width":"","ngg_post_thumbnail":0,"footnotes":""},"categories":[1],"tags":[],"class_list":["post-1119","post","type-post","status-publish","format-standard","hentry","category-nerazvrsceno"],"_links":{"self":[{"href":"https:\/\/os-tinjenova.splet.arnes.si\/index.php?rest_route=\/wp\/v2\/posts\/1119","targetHints":{"allow":["GET"]}}],"collection":[{"href":"https:\/\/os-tinjenova.splet.arnes.si\/index.php?rest_route=\/wp\/v2\/posts"}],"about":[{"href":"https:\/\/os-tinjenova.splet.arnes.si\/index.php?rest_route=\/wp\/v2\/types\/post"}],"author":[{"embeddable":true,"href":"https:\/\/os-tinjenova.splet.arnes.si\/index.php?rest_route=\/wp\/v2\/users\/2887"}],"replies":[{"embeddable":true,"href":"https:\/\/os-tinjenova.splet.arnes.si\/index.php?rest_route=%2Fwp%2Fv2%2Fcomments&post=1119"}],"version-history":[{"count":1,"href":"https:\/\/os-tinjenova.splet.arnes.si\/index.php?rest_route=\/wp\/v2\/posts\/1119\/revisions"}],"predecessor-version":[{"id":1121,"href":"https:\/\/os-tinjenova.splet.arnes.si\/index.php?rest_route=\/wp\/v2\/posts\/1119\/revisions\/1121"}],"wp:attachment":[{"href":"https:\/\/os-tinjenova.splet.arnes.si\/index.php?rest_route=%2Fwp%2Fv2%2Fmedia&parent=1119"}],"wp:term":[{"taxonomy":"category","embeddable":true,"href":"https:\/\/os-tinjenova.splet.arnes.si\/index.php?rest_route=%2Fwp%2Fv2%2Fcategories&post=1119"},{"taxonomy":"post_tag","embeddable":true,"href":"https:\/\/os-tinjenova.splet.arnes.si\/index.php?rest_route=%2Fwp%2Fv2%2Ftags&post=1119"}],"curies":[{"name":"wp","href":"https:\/\/api.w.org\/{rel}","templated":true}]}}