{"id":1239,"date":"2015-12-21T04:19:55","date_gmt":"2015-12-21T03:19:55","guid":{"rendered":"http:\/\/os-tinjenova.splet.arnes.si\/?p=1239"},"modified":"2015-12-21T04:20:28","modified_gmt":"2015-12-21T03:20:28","slug":"bazar-sila-in-knjizni-sejem","status":"publish","type":"post","link":"https:\/\/os-tinjenova.splet.arnes.si\/?p=1239","title":{"rendered":"BAZAR SILA IN KNJI\u017dNI SEJEM"},"content":{"rendered":"<p>OBISK 22. MEDNARODNEGA DOBRODELNEGA BAZARJA SILA IN 31. KNJI\u017dNEGA SEJMA V NA\u0160I PRESTOLNICI<\/p>\n<p>V soboto, 28. 11. 2015, se je skupina u\u010dencev 7.\u2013 9. razreda na\u0161e \u0161ole v spremstvu u\u010diteljic Barbare Poto\u010dnik Kolenc in Mojce Stegne udele\u017eila 22. mednarodnega dobrodelnega bazarja SILA in 31. knji\u017enega sejma v slovenski prestolnici.<br \/>\nV Ljubljano nas je odpeljal vlak, ki je bil kar precej udoben. V kupeju smo se po\u010dutili kot v filmu Harry Potter. Vozili smo se kar dve debeli uri. S postaje smo se skozi podhod napotili do najbli\u017ejega urbanomata, kjer smo s svojimi bistrimi glavicami napolnili kartice za mestni avtobus.<br \/>\nOdpe\u0161a\u010dili smo do Gospodarskega razstavi\u0161\u010da, kjer je bil mednarodni bazar SILA. Ogledali smo si vse stojnice. Kupili smo avstralski bumerang, indijskega Budo, rusko babu\u0161ko, ciprske limone \u2026 in sre\u010dali na\u0161ega predsednika dr\u017eave, g. Boruta Pahorja.<br \/>\nSledila je vo\u017enja s trolo in hoja mimo Dr\u017eavnega zbora do Cankarjevega doma; zavili smo tudi do Opere. Na knji\u017enem sejmu smo si ogledali knji\u017ene novosti, si nakupili knjige po ugodnih cenah, se fotografirali s pisateljico Anjo \u0160tefan ter ilustratorkama Jelko Reichman in Marjanco Jemec-Bo\u017ei\u010d. V hramu kulture smo bili dobre tri ure. Vmes smo si vzeli \u010das za kosilo \u2013 sko\u010dili smo se okrep\u010dat v McDonald&#8217;s.<br \/>\nPozno popoldne smo se sprehodili po centru na\u0161ega glavnega mesta in ob\u010dudovali prekrasno prazni\u010dno razsvetljavo, ki so jo prvi\u010d pri\u017egali le dan prej, tj. v petek, 27. 11. 2015. Na stojnicah smo si privo\u0161\u010dili sladkorne pene in lizike.<br \/>\nNa poti do \u017eelezni\u0161ke postaje smo si kupili \u0161e nekaj za pod zob in se odpravili na vlak, kjer smo se ob obujanju spominov dodobra nasmejali in zabavali.<br \/>\nEma Bera, \u0160pela Capl in Bla\u017eka Jan\u017ei\u010d<\/p>\nngg_shortcode_0_placeholder\n<p>VTISI UDELE\u017dENCEV STROKOVNE EKSKURZIJE<\/p>\n<p>Na vlaku je blo ful fajn, pa carsko, pa \u017eivahno, nemirno, sme\u0161no.<br \/>\nNa sejmu je blo fajn, kolk tolk, malo bedno na cajte.<br \/>\nVse skup pa je blo ful fajn, vklju\u010dno z ovimi \u017eenami veleposlanikov (limone s Cipra).<br \/>\nNina Kresnik, 8. a<\/p>\n<p>Negativno:<br \/>\n&#8211; nadlegovalca v McDonald\u00b4su<br \/>\n&#8211; vro\u010dina v Cankarjevem domu<br \/>\n&#8211; ku\u017eek, ki je zmrzoval pred Cankarjem<br \/>\nPozitivno:<br \/>\n&#8211; vo\u017enja z vlakom<br \/>\n&#8211; veliko zanimivih knjig (na\u0161la sem 5SOS enciklopedijo \u2013 JAY:)))<br \/>\n&#8211; izdelki iz razli\u010dnih dr\u017eav na\u0161ega planeta<br \/>\n&#8211; videla sem Ano kuha in jedla njene vaflje<br \/>\n&#8211; sre\u010dala sem Boruta Pahorja, na\u0161ega predsednika<br \/>\n&#8211; u\u017eivala sem v sladkorni peni<br \/>\n&#8211; na vlaku smo si podajale balon in poslu\u0161ale muziko<br \/>\nBlo je ful fajn.:)<br \/>\nLaura Skrbinek, 8. a<\/p>\n<p>Navdu\u0161ilo naju je:<br \/>\n&#8211; knji\u017eni sejem<br \/>\n&#8211; bazar<br \/>\n&#8211; sprehod po lepo okra\u0161eni Ljubljani<br \/>\nSara Oblon\u0161ek in Tja\u0161a Brglez, 7. a<\/p>\n<p>OK:<br \/>\n&#8211; bazar je bil zanimiv<br \/>\n&#8211; vsaka dr\u017eava je imela nekaj svojega in posebnega<br \/>\n&#8211; na knji\u017enem sejmu smo lahko kupili knjige po nizki ceni<br \/>\n&#8211; na koncu smo si \u0161e ogledali Ano kuha v \u017eivo<br \/>\n&#8211; McDonald\u00b4s<br \/>\nSLABO:<br \/>\n&#8211; nadlegovanje v McDonald`su<br \/>\n&#8211; bilo je mrzlo<br \/>\n&#8211; malo dolgo\u010dasno, ko smo bili tako dolgo na knji\u017enem sejmu<br \/>\nRebeka Ambro\u017ei\u010d, 8. a<\/p>\n<p>V\u0161e\u010d mi je bilo:<br \/>\n&#8211; poslikava obraza<br \/>\n&#8211; knji\u017eni sejem<br \/>\n&#8211; kupovanje izdelkov na bazarju<br \/>\n&#8211; da smo videli predsednika dr\u017eave<br \/>\n&#8211; lu\u010dke<br \/>\nMija \u0160pes, 7. a<\/p>\n<p>Bilo je:<br \/>\n&#8211; zabavno, ker sta bili z mano Bla\u017eka in \u0160pela<br \/>\n&#8211; vznemirljivo, ker smo bili na knji\u017enem sejmu in smo si lahko kupili knjige<br \/>\n&#8211; sme\u0161ne lu\u010dke v centru prestolnice (spo\u010detje, kromosomi, DNK \u2026)<br \/>\n&#8211; zanimivo, ker sva s \u0160pelo zasledovali in slikali na\u0161ega predsednika dr\u017eave<br \/>\n&#8211; kulsko, ker smo videli neko punco s talentov, pisateljico Anjo \u0160tefan ter ilustratorki Jelko Reichman in Marjanco Jemec-Bo\u017ei\u010d in igralko Pio Zemlji\u010d<br \/>\nEma Bera, 9. a<br \/>\n&#8211;<br \/>\n&#8211; pomanjkanje predstavnikov mo\u0161kega spola<br \/>\n+<br \/>\n&#8211; izobra\u017eevalno<br \/>\n&#8211; lepo osvetljeno mesto (prazni\u010dne lu\u010di)<br \/>\n&#8211; dobro vzdu\u0161je na vlaku<br \/>\n&#8211; veliko predlogov za \u010dtivo v prihodnje<\/p>\n<p>\u010crt Kolenc, 9. a<\/p>\n<p>+<br \/>\n&#8211; fajn smo se meli na vlaku<br \/>\n&#8211; fajne knjige<br \/>\n&#8211; McDonald`s<br \/>\n&#8211; gledanje lu\u010dk<br \/>\n&#8211; iskanje WC-ja na vlaku<br \/>\n&#8211; spoznali smo svet na bazarju<br \/>\n&#8211; zastonj smo dobili verige<br \/>\n&#8211;<br \/>\n&#8211; nadlegovanje v McDonald`su<br \/>\n&#8211; vro\u010de na sejmu<br \/>\nAjda Stegne, 8. a<\/p>\n<p>POZITIVNO:<br \/>\n&#8211; videli smo stvari, zna\u010dilne za posamezne dr\u017eave<br \/>\n&#8211; porisali so nam obraze<br \/>\n&#8211; hecali smo se na vlaku<br \/>\nNEGATIVNO:<br \/>\n&#8211; ubogi ku\u017ea je zmrzoval pred Cankarjevim domom<br \/>\nMaja Laubi\u010d, 8. a<\/p>\n","protected":false},"excerpt":{"rendered":"<p>OBISK 22. MEDNARODNEGA DOBRODELNEGA BAZARJA SILA IN 31. KNJI\u017dNEGA SEJMA V NA\u0160I PRESTOLNICI V soboto, 28. 11. 2015, se je skupina u\u010dencev 7.\u2013 9. razreda na\u0161e \u0161ole v spremstvu u\u010diteljic Barbare Poto\u010dnik Kolenc in Mojce Stegne udele\u017eila 22. mednarodnega dobrodelnega bazarja SILA in 31. knji\u017enega sejma v slovenski prestolnici. V Ljubljano nas je odpeljal vlak, [&hellip;]<\/p>\n","protected":false},"author":2887,"featured_media":0,"comment_status":"closed","ping_status":"closed","sticky":false,"template":"","format":"standard","meta":{"_et_pb_use_builder":"","_et_pb_old_content":"","_et_gb_content_width":"","ngg_post_thumbnail":0,"footnotes":""},"categories":[1],"tags":[],"class_list":["post-1239","post","type-post","status-publish","format-standard","hentry","category-nerazvrsceno"],"_links":{"self":[{"href":"https:\/\/os-tinjenova.splet.arnes.si\/index.php?rest_route=\/wp\/v2\/posts\/1239","targetHints":{"allow":["GET"]}}],"collection":[{"href":"https:\/\/os-tinjenova.splet.arnes.si\/index.php?rest_route=\/wp\/v2\/posts"}],"about":[{"href":"https:\/\/os-tinjenova.splet.arnes.si\/index.php?rest_route=\/wp\/v2\/types\/post"}],"author":[{"embeddable":true,"href":"https:\/\/os-tinjenova.splet.arnes.si\/index.php?rest_route=\/wp\/v2\/users\/2887"}],"replies":[{"embeddable":true,"href":"https:\/\/os-tinjenova.splet.arnes.si\/index.php?rest_route=%2Fwp%2Fv2%2Fcomments&post=1239"}],"version-history":[{"count":2,"href":"https:\/\/os-tinjenova.splet.arnes.si\/index.php?rest_route=\/wp\/v2\/posts\/1239\/revisions"}],"predecessor-version":[{"id":1241,"href":"https:\/\/os-tinjenova.splet.arnes.si\/index.php?rest_route=\/wp\/v2\/posts\/1239\/revisions\/1241"}],"wp:attachment":[{"href":"https:\/\/os-tinjenova.splet.arnes.si\/index.php?rest_route=%2Fwp%2Fv2%2Fmedia&parent=1239"}],"wp:term":[{"taxonomy":"category","embeddable":true,"href":"https:\/\/os-tinjenova.splet.arnes.si\/index.php?rest_route=%2Fwp%2Fv2%2Fcategories&post=1239"},{"taxonomy":"post_tag","embeddable":true,"href":"https:\/\/os-tinjenova.splet.arnes.si\/index.php?rest_route=%2Fwp%2Fv2%2Ftags&post=1239"}],"curies":[{"name":"wp","href":"https:\/\/api.w.org\/{rel}","templated":true}]}}