{"id":1255,"date":"2016-02-08T19:55:18","date_gmt":"2016-02-08T18:55:18","guid":{"rendered":"http:\/\/os-tinjenova.splet.arnes.si\/?p=1255"},"modified":"2016-02-08T19:55:18","modified_gmt":"2016-02-08T18:55:18","slug":"obvestilo-informativni-dan","status":"publish","type":"post","link":"https:\/\/os-tinjenova.splet.arnes.si\/?p=1255","title":{"rendered":"OBVESTILO INFORMATIVNI DAN"},"content":{"rendered":"<p><span style=\"color: #ff0000\">I N F O R M A T I V N I D A N V SREDNJIH \u0160OLAH IN DIJA\u0160KIH DOMOVIH za \u0161olsko leto 2016\/17<\/span><\/p>\n<p><span style=\"color: #0000ff\"><strong>Vse srednje \u0161ole in dija\u0161ki domovi v Sloveniji bodo v<\/strong><\/span><\/p>\n<p><span style=\"color: #0000ff\"><strong>\u2022 v PETEK, 12. februarja 2016, ob 9.oo in 15.oo<\/strong><\/span><br \/>\n<span style=\"color: #0000ff\"><strong>\u2022 in v SOBOTO, 13. februarja 2016, ob 9.oo<\/strong><\/span><\/p>\n<p><span style=\"color: #0000ff\">organizirali \u00bbI N F O R M A T I V N I D A N\u00ab za star\u0161e, u\u010denke in u\u010dence 9. razredov.<\/span><br \/>\n\u263a Ob obisku S\u0160 in dija\u0161kih domov boste dobili natan\u010dne informacije O VPISU V SREDNJE \u0160OLE, o zahtevnosti srednje\u0161olskih programov, trajanju izobra\u017eevanja za posamezne poklice oz. o mo\u017enostih nadaljevanja \u0161olanja po kon\u010dani SREDNJI \u0160OLI.<\/p>\n<p>\u263a Prav tako bodo na voljo POJASNILA v zvezi s sprejemom in bivanjem v DIJA\u0160KIH DOMOVIH, ki bodo 12. 02. 2016 ob 9.00 in 15.00 na \u0161iroko odprli svoja vrata oz. tudi v soboto, 13. 02 2016 ob 9.00.<\/p>\n<p>\u263a Prosimo, da izkoristite mo\u017enosti iskanja informacij in pogovorov ob predstavitvah s strokovnjaki srednjih \u0161ol. Prav je, da se nanje obrnete tudi s konkretnimi vpra\u0161anji in tako skupaj poi\u0161\u010dete program, ki otroka veseli oz. bo v njem lahko uspe\u0161en.<\/p>\n<p>\u263a VPIS V SREDNJE \u0160OLE BO v 9. razredu v osnovni \u0161oli PREDVIDOMA izveden v drugi polovici marca 2016, saj je do 4. aprila 2016 potrebno na S\u0160 poslati PRIJAVO ZA VPIS v 1. letnik.<\/p>\n<p>&nbsp;<\/p>\n","protected":false},"excerpt":{"rendered":"<p>I N F O R M A T I V N I D A N V SREDNJIH \u0160OLAH IN DIJA\u0160KIH DOMOVIH za \u0161olsko leto 2016\/17 Vse srednje \u0161ole in dija\u0161ki domovi v Sloveniji bodo v \u2022 v PETEK, 12. februarja 2016, ob 9.oo in 15.oo \u2022 in v SOBOTO, 13. februarja 2016, ob 9.oo organizirali [&hellip;]<\/p>\n","protected":false},"author":2887,"featured_media":0,"comment_status":"closed","ping_status":"closed","sticky":false,"template":"","format":"standard","meta":{"_et_pb_use_builder":"","_et_pb_old_content":"","_et_gb_content_width":"","ngg_post_thumbnail":0,"footnotes":""},"categories":[1],"tags":[],"class_list":["post-1255","post","type-post","status-publish","format-standard","hentry","category-nerazvrsceno"],"_links":{"self":[{"href":"https:\/\/os-tinjenova.splet.arnes.si\/index.php?rest_route=\/wp\/v2\/posts\/1255","targetHints":{"allow":["GET"]}}],"collection":[{"href":"https:\/\/os-tinjenova.splet.arnes.si\/index.php?rest_route=\/wp\/v2\/posts"}],"about":[{"href":"https:\/\/os-tinjenova.splet.arnes.si\/index.php?rest_route=\/wp\/v2\/types\/post"}],"author":[{"embeddable":true,"href":"https:\/\/os-tinjenova.splet.arnes.si\/index.php?rest_route=\/wp\/v2\/users\/2887"}],"replies":[{"embeddable":true,"href":"https:\/\/os-tinjenova.splet.arnes.si\/index.php?rest_route=%2Fwp%2Fv2%2Fcomments&post=1255"}],"version-history":[{"count":1,"href":"https:\/\/os-tinjenova.splet.arnes.si\/index.php?rest_route=\/wp\/v2\/posts\/1255\/revisions"}],"predecessor-version":[{"id":1256,"href":"https:\/\/os-tinjenova.splet.arnes.si\/index.php?rest_route=\/wp\/v2\/posts\/1255\/revisions\/1256"}],"wp:attachment":[{"href":"https:\/\/os-tinjenova.splet.arnes.si\/index.php?rest_route=%2Fwp%2Fv2%2Fmedia&parent=1255"}],"wp:term":[{"taxonomy":"category","embeddable":true,"href":"https:\/\/os-tinjenova.splet.arnes.si\/index.php?rest_route=%2Fwp%2Fv2%2Fcategories&post=1255"},{"taxonomy":"post_tag","embeddable":true,"href":"https:\/\/os-tinjenova.splet.arnes.si\/index.php?rest_route=%2Fwp%2Fv2%2Ftags&post=1255"}],"curies":[{"name":"wp","href":"https:\/\/api.w.org\/{rel}","templated":true}]}}