{"id":1294,"date":"2016-03-09T19:56:37","date_gmt":"2016-03-09T18:56:37","guid":{"rendered":"http:\/\/os-tinjenova.splet.arnes.si\/?p=1294"},"modified":"2016-03-09T19:56:37","modified_gmt":"2016-03-09T18:56:37","slug":"pomladna-prireditev-2016","status":"publish","type":"post","link":"https:\/\/os-tinjenova.splet.arnes.si\/?p=1294","title":{"rendered":"POMLADNA PRIREDITEV 2016"},"content":{"rendered":"<h3 style=\"text-align: center\"><span style=\"color: #000000\"><a href=\"http:\/\/os-tinjenova.splet.arnes.si\/files\/2016\/03\/Brez-naslova.png\"><img loading=\"lazy\" decoding=\"async\" class=\" size-full wp-image-1295 alignleft\" src=\"http:\/\/os-tinjenova.splet.arnes.si\/files\/2016\/03\/Brez-naslova.png\" alt=\"Brez naslova\" width=\"212\" height=\"364\" srcset=\"https:\/\/os-tinjenova.splet.arnes.si\/files\/2016\/03\/Brez-naslova.png 212w, https:\/\/os-tinjenova.splet.arnes.si\/files\/2016\/03\/Brez-naslova-175x300.png 175w\" sizes=\"(max-width: 212px) 100vw, 212px\" \/><\/a>SPO\u0160TOVANI STAR\u0160I OTROK VRTCA IN \u0160OLE TER DRUGE KRAJANKE IN KRAJANI!<br \/>\n<\/span><br \/>\n<span style=\"color: #000000\">Ob mednarodnem prazniku \u017eena, materinskem dnevu in ob\u010dinskem prazniku<br \/>\nvas otroci vrtca, u\u010denci \u0161ole in zaposleni<br \/>\nVABIMO NA PRIREDITEV,<br \/>\n<strong>ki bo v PETEK, 11. MARCA 2016, OB 16.00 URI, <\/strong><br \/>\n<strong>V DOMU KRAJANOV IN GASILCEV TINJE.<\/strong><br \/>\nZa vas smo pripravili kulturni program in po njem \u0161e manj\u0161o pogostitev.<br \/>\n<\/span><\/h3>\n<h3 style=\"text-align: center\"><span style=\"color: #000000\">Veselimo se va\u0161ega obiska.<br \/>\n<\/span><\/h3>\n<p><span style=\"color: #000000\">\u00a0<\/span><\/p>\n","protected":false},"excerpt":{"rendered":"<p>SPO\u0160TOVANI STAR\u0160I OTROK VRTCA IN \u0160OLE TER DRUGE KRAJANKE IN KRAJANI! Ob mednarodnem prazniku \u017eena, materinskem dnevu in ob\u010dinskem prazniku vas otroci vrtca, u\u010denci \u0161ole in zaposleni VABIMO NA PRIREDITEV, ki bo v PETEK, 11. MARCA 2016, OB 16.00 URI, V DOMU KRAJANOV IN GASILCEV TINJE. Za vas smo pripravili kulturni program in po njem [&hellip;]<\/p>\n","protected":false},"author":2887,"featured_media":0,"comment_status":"closed","ping_status":"closed","sticky":false,"template":"","format":"standard","meta":{"_et_pb_use_builder":"","_et_pb_old_content":"","_et_gb_content_width":"","ngg_post_thumbnail":0,"footnotes":""},"categories":[1],"tags":[],"class_list":["post-1294","post","type-post","status-publish","format-standard","hentry","category-nerazvrsceno"],"_links":{"self":[{"href":"https:\/\/os-tinjenova.splet.arnes.si\/index.php?rest_route=\/wp\/v2\/posts\/1294","targetHints":{"allow":["GET"]}}],"collection":[{"href":"https:\/\/os-tinjenova.splet.arnes.si\/index.php?rest_route=\/wp\/v2\/posts"}],"about":[{"href":"https:\/\/os-tinjenova.splet.arnes.si\/index.php?rest_route=\/wp\/v2\/types\/post"}],"author":[{"embeddable":true,"href":"https:\/\/os-tinjenova.splet.arnes.si\/index.php?rest_route=\/wp\/v2\/users\/2887"}],"replies":[{"embeddable":true,"href":"https:\/\/os-tinjenova.splet.arnes.si\/index.php?rest_route=%2Fwp%2Fv2%2Fcomments&post=1294"}],"version-history":[{"count":1,"href":"https:\/\/os-tinjenova.splet.arnes.si\/index.php?rest_route=\/wp\/v2\/posts\/1294\/revisions"}],"predecessor-version":[{"id":1296,"href":"https:\/\/os-tinjenova.splet.arnes.si\/index.php?rest_route=\/wp\/v2\/posts\/1294\/revisions\/1296"}],"wp:attachment":[{"href":"https:\/\/os-tinjenova.splet.arnes.si\/index.php?rest_route=%2Fwp%2Fv2%2Fmedia&parent=1294"}],"wp:term":[{"taxonomy":"category","embeddable":true,"href":"https:\/\/os-tinjenova.splet.arnes.si\/index.php?rest_route=%2Fwp%2Fv2%2Fcategories&post=1294"},{"taxonomy":"post_tag","embeddable":true,"href":"https:\/\/os-tinjenova.splet.arnes.si\/index.php?rest_route=%2Fwp%2Fv2%2Ftags&post=1294"}],"curies":[{"name":"wp","href":"https:\/\/api.w.org\/{rel}","templated":true}]}}