{"id":7605,"date":"2022-11-30T21:42:41","date_gmt":"2022-11-30T20:42:41","guid":{"rendered":"https:\/\/os-tinjenova.splet.arnes.si\/?p=7605"},"modified":"2022-11-30T21:46:08","modified_gmt":"2022-11-30T20:46:08","slug":"vabilo-na-novoletno-trznico","status":"publish","type":"post","link":"https:\/\/os-tinjenova.splet.arnes.si\/?p=7605","title":{"rendered":"VABILO NA NOVOLETNO TR\u017dNICO 2022"},"content":{"rendered":"<p><span style=\"color: #000000\"><strong><a href=\"https:\/\/os-tinjenova.splet.arnes.si\/files\/2022\/11\/vabilo-bazar-slika-1.jpg\"><img loading=\"lazy\" decoding=\"async\" class=\" wp-image-7610 alignleft\" src=\"https:\/\/os-tinjenova.splet.arnes.si\/files\/2022\/11\/vabilo-bazar-slika-1.jpg\" alt=\"\" width=\"441\" height=\"348\"><\/a>Spo\u0161tovani,<\/strong><\/span><\/p>\n<p><span style=\"color: #000000\"><span style=\"color: #333399\"><strong>v sredo, 14. decembra 2022, ob 17. uri,<\/strong> <\/span><strong>vas vabimo<br \/>\n<\/strong><\/span><span style=\"color: #000000\"><strong>v Dom krajanov in gasilcev,<br \/>\n<\/strong><\/span><strong style=\"color: #000000\">kjer prirejamo novoletno tr\u017enico.<\/strong><\/p>\n<p><span style=\"color: #000000\"><strong>Za vas smo pripravili kratek glasbeni program,<br \/>\n<\/strong><\/span><span style=\"color: #000000\"><strong>ki bo potekal v prijetnem pravlji\u010dnem vzdu\u0161ju.<br \/>\n<\/strong><\/span><span style=\"color: #000000\"><strong>Na tr\u017enici smo pripravili izdelke, ki so jih izdelali na\u0161i u\u010denci.<\/strong><\/span><\/p>\n<p><span style=\"color: #000000\"><strong>Vljudno vabljeni skupaj z otroki, sorodniki in prijatelji.<br \/>\n<\/strong><\/span><span style=\"color: #000000\"><strong>Veselimo se dru\u017eenja z vami.<\/strong><\/span><\/p>\n<p><span style=\"color: #000000\"><strong>U\u010denci in zaposleni O\u0160 Partizanska bolni\u0161nica Jesen Tinje<\/strong><\/span><\/p>\n<p>&nbsp;<\/p>\n","protected":false},"excerpt":{"rendered":"<p>Spo\u0161tovani, v sredo, 14. decembra 2022, ob 17. uri, vas vabimo v Dom krajanov in gasilcev, kjer prirejamo novoletno tr\u017enico. Za vas smo pripravili kratek glasbeni program, ki bo potekal v prijetnem pravlji\u010dnem vzdu\u0161ju. Na tr\u017enici smo pripravili izdelke, ki so jih izdelali na\u0161i u\u010denci. Vljudno vabljeni skupaj z otroki, sorodniki in prijatelji. Veselimo se [&hellip;]<\/p>\n","protected":false},"author":2887,"featured_media":0,"comment_status":"closed","ping_status":"closed","sticky":false,"template":"","format":"standard","meta":{"_et_pb_use_builder":"","_et_pb_old_content":"","_et_gb_content_width":"","ngg_post_thumbnail":0,"footnotes":""},"categories":[1],"tags":[],"class_list":["post-7605","post","type-post","status-publish","format-standard","hentry","category-nerazvrsceno"],"_links":{"self":[{"href":"https:\/\/os-tinjenova.splet.arnes.si\/index.php?rest_route=\/wp\/v2\/posts\/7605","targetHints":{"allow":["GET"]}}],"collection":[{"href":"https:\/\/os-tinjenova.splet.arnes.si\/index.php?rest_route=\/wp\/v2\/posts"}],"about":[{"href":"https:\/\/os-tinjenova.splet.arnes.si\/index.php?rest_route=\/wp\/v2\/types\/post"}],"author":[{"embeddable":true,"href":"https:\/\/os-tinjenova.splet.arnes.si\/index.php?rest_route=\/wp\/v2\/users\/2887"}],"replies":[{"embeddable":true,"href":"https:\/\/os-tinjenova.splet.arnes.si\/index.php?rest_route=%2Fwp%2Fv2%2Fcomments&post=7605"}],"version-history":[{"count":4,"href":"https:\/\/os-tinjenova.splet.arnes.si\/index.php?rest_route=\/wp\/v2\/posts\/7605\/revisions"}],"predecessor-version":[{"id":7612,"href":"https:\/\/os-tinjenova.splet.arnes.si\/index.php?rest_route=\/wp\/v2\/posts\/7605\/revisions\/7612"}],"wp:attachment":[{"href":"https:\/\/os-tinjenova.splet.arnes.si\/index.php?rest_route=%2Fwp%2Fv2%2Fmedia&parent=7605"}],"wp:term":[{"taxonomy":"category","embeddable":true,"href":"https:\/\/os-tinjenova.splet.arnes.si\/index.php?rest_route=%2Fwp%2Fv2%2Fcategories&post=7605"},{"taxonomy":"post_tag","embeddable":true,"href":"https:\/\/os-tinjenova.splet.arnes.si\/index.php?rest_route=%2Fwp%2Fv2%2Ftags&post=7605"}],"curies":[{"name":"wp","href":"https:\/\/api.w.org\/{rel}","templated":true}]}}