{"id":7753,"date":"2023-02-09T11:50:22","date_gmt":"2023-02-09T10:50:22","guid":{"rendered":"https:\/\/os-tinjenova.splet.arnes.si\/?p=7753"},"modified":"2023-02-09T12:12:27","modified_gmt":"2023-02-09T11:12:27","slug":"proslava-ob-slovenskem-kulturnem-prazniku-2023","status":"publish","type":"post","link":"https:\/\/os-tinjenova.splet.arnes.si\/?p=7753","title":{"rendered":"PROSLAVA OB SLOVENSKEM KULTURNEM PRAZNIKU 2023"},"content":{"rendered":"<p>V torek, 7. februarja 2023, smo pripravili proslavo ob slovenskem kulturnem prazniku.<br \/>\nSprehodili smo se po Pre\u0161ernovih \u010dasih, obudili Ur\u0161iko v vodnem kraljestvu Ljubljanice, z deklamacijami pa ustvarili pre\u0161erno vzdu\u0161je.<\/p>\n<p>Z delom programa bomo sodelovali tudi na krajevni proslavi, ki jo pripravlja KUD Otona \u017dupan\u010di\u010da na Tinju.<\/p>\n<p>\u017delimo vam lep, prazni\u010den in pouka prost dan &#8211; dan kulture.<\/p>\nngg_shortcode_0_placeholder\n<p>&nbsp;<\/p>\n","protected":false},"excerpt":{"rendered":"<p>V torek, 7. februarja 2023, smo pripravili proslavo ob slovenskem kulturnem prazniku. Sprehodili smo se po Pre\u0161ernovih \u010dasih, obudili Ur\u0161iko v vodnem kraljestvu Ljubljanice, z deklamacijami pa ustvarili pre\u0161erno vzdu\u0161je. Z delom programa bomo sodelovali tudi na krajevni proslavi, ki jo pripravlja KUD Otona \u017dupan\u010di\u010da na Tinju. \u017delimo vam lep, prazni\u010den in pouka prost dan [&hellip;]<\/p>\n","protected":false},"author":2887,"featured_media":0,"comment_status":"closed","ping_status":"closed","sticky":false,"template":"","format":"standard","meta":{"_et_pb_use_builder":"","_et_pb_old_content":"","_et_gb_content_width":"","ngg_post_thumbnail":0,"footnotes":""},"categories":[1],"tags":[],"class_list":["post-7753","post","type-post","status-publish","format-standard","hentry","category-nerazvrsceno"],"_links":{"self":[{"href":"https:\/\/os-tinjenova.splet.arnes.si\/index.php?rest_route=\/wp\/v2\/posts\/7753","targetHints":{"allow":["GET"]}}],"collection":[{"href":"https:\/\/os-tinjenova.splet.arnes.si\/index.php?rest_route=\/wp\/v2\/posts"}],"about":[{"href":"https:\/\/os-tinjenova.splet.arnes.si\/index.php?rest_route=\/wp\/v2\/types\/post"}],"author":[{"embeddable":true,"href":"https:\/\/os-tinjenova.splet.arnes.si\/index.php?rest_route=\/wp\/v2\/users\/2887"}],"replies":[{"embeddable":true,"href":"https:\/\/os-tinjenova.splet.arnes.si\/index.php?rest_route=%2Fwp%2Fv2%2Fcomments&post=7753"}],"version-history":[{"count":5,"href":"https:\/\/os-tinjenova.splet.arnes.si\/index.php?rest_route=\/wp\/v2\/posts\/7753\/revisions"}],"predecessor-version":[{"id":7762,"href":"https:\/\/os-tinjenova.splet.arnes.si\/index.php?rest_route=\/wp\/v2\/posts\/7753\/revisions\/7762"}],"wp:attachment":[{"href":"https:\/\/os-tinjenova.splet.arnes.si\/index.php?rest_route=%2Fwp%2Fv2%2Fmedia&parent=7753"}],"wp:term":[{"taxonomy":"category","embeddable":true,"href":"https:\/\/os-tinjenova.splet.arnes.si\/index.php?rest_route=%2Fwp%2Fv2%2Fcategories&post=7753"},{"taxonomy":"post_tag","embeddable":true,"href":"https:\/\/os-tinjenova.splet.arnes.si\/index.php?rest_route=%2Fwp%2Fv2%2Ftags&post=7753"}],"curies":[{"name":"wp","href":"https:\/\/api.w.org\/{rel}","templated":true}]}}