{"id":958,"date":"2014-12-12T10:31:19","date_gmt":"2014-12-12T09:31:19","guid":{"rendered":"http:\/\/os-tinjenova.splet.arnes.si\/?p=958"},"modified":"2014-12-18T08:33:15","modified_gmt":"2014-12-18T07:33:15","slug":"vabilo-na-bazar","status":"publish","type":"post","link":"https:\/\/os-tinjenova.splet.arnes.si\/?p=958","title":{"rendered":"VABILO NA BAZAR"},"content":{"rendered":"<p>S P O \u0160 T O V A N I S T A R \u0160 I!<a href=\"http:\/\/os-tinjenova.splet.arnes.si\/files\/2013\/12\/smreka.png\"><img loading=\"lazy\" decoding=\"async\" class=\"alignleft  wp-image-125\" src=\"http:\/\/os-tinjenova.splet.arnes.si\/files\/2013\/12\/smreka.png\" alt=\"smreka\" width=\"167\" height=\"167\" srcset=\"https:\/\/os-tinjenova.splet.arnes.si\/files\/2013\/12\/smreka.png 296w, https:\/\/os-tinjenova.splet.arnes.si\/files\/2013\/12\/smreka-150x150.png 150w\" sizes=\"(max-width: 167px) 100vw, 167px\" \/><\/a><\/p>\n<p>Bli\u017ea se \u010das bo\u017ei\u010dno-novoletnih praznikov, \u010das, ko si izrekamo lepe \u017eelje, poklanjamo ter prejemamo darila.<br \/>\nV petek, 12. decembra 2014, s pri\u010detkom ob 16.00 uri, v Domu krajanov in<br \/>\ngasilcev prirejamo novoletni sejem, na katerem si boste lahko ogledali in tudi<br \/>\nkupili izdelke, ki so jih izdelali va\u0161i otroci v sodelovanju z u\u010ditelji. Namen sejma<br \/>\nje predvsem skupno dru\u017eenje star\u0161ev, u\u010dencev in u\u010diteljev.<\/p>\n<p>PROGRAM:<br \/>\nOd 16.00 do 16.45 nastop gledali\u0161ke skupine, \u0161olskih pevskih zborov<br \/>\nin instrumentalistov.<br \/>\nOb 16.45 za\u010detek novoletnega sejma in dru\u017eenje.<\/p>\n<p>Vljudno vabljeni skupaj z otroki, sorodniki in prijatelji.<br \/>\nIvan Kova\u010di\u010d, ravnatelj<\/p>\n","protected":false},"excerpt":{"rendered":"<p>S P O \u0160 T O V A N I S T A R \u0160 I! Bli\u017ea se \u010das bo\u017ei\u010dno-novoletnih praznikov, \u010das, ko si izrekamo lepe \u017eelje, poklanjamo ter prejemamo darila. V petek, 12. decembra 2014, s pri\u010detkom ob 16.00 uri, v Domu krajanov in gasilcev prirejamo novoletni sejem, na katerem si boste lahko ogledali [&hellip;]<\/p>\n","protected":false},"author":2887,"featured_media":0,"comment_status":"closed","ping_status":"closed","sticky":false,"template":"","format":"standard","meta":{"_et_pb_use_builder":"","_et_pb_old_content":"","_et_gb_content_width":"","ngg_post_thumbnail":0,"footnotes":""},"categories":[1],"tags":[],"class_list":["post-958","post","type-post","status-publish","format-standard","hentry","category-nerazvrsceno"],"_links":{"self":[{"href":"https:\/\/os-tinjenova.splet.arnes.si\/index.php?rest_route=\/wp\/v2\/posts\/958","targetHints":{"allow":["GET"]}}],"collection":[{"href":"https:\/\/os-tinjenova.splet.arnes.si\/index.php?rest_route=\/wp\/v2\/posts"}],"about":[{"href":"https:\/\/os-tinjenova.splet.arnes.si\/index.php?rest_route=\/wp\/v2\/types\/post"}],"author":[{"embeddable":true,"href":"https:\/\/os-tinjenova.splet.arnes.si\/index.php?rest_route=\/wp\/v2\/users\/2887"}],"replies":[{"embeddable":true,"href":"https:\/\/os-tinjenova.splet.arnes.si\/index.php?rest_route=%2Fwp%2Fv2%2Fcomments&post=958"}],"version-history":[{"count":6,"href":"https:\/\/os-tinjenova.splet.arnes.si\/index.php?rest_route=\/wp\/v2\/posts\/958\/revisions"}],"predecessor-version":[{"id":964,"href":"https:\/\/os-tinjenova.splet.arnes.si\/index.php?rest_route=\/wp\/v2\/posts\/958\/revisions\/964"}],"wp:attachment":[{"href":"https:\/\/os-tinjenova.splet.arnes.si\/index.php?rest_route=%2Fwp%2Fv2%2Fmedia&parent=958"}],"wp:term":[{"taxonomy":"category","embeddable":true,"href":"https:\/\/os-tinjenova.splet.arnes.si\/index.php?rest_route=%2Fwp%2Fv2%2Fcategories&post=958"},{"taxonomy":"post_tag","embeddable":true,"href":"https:\/\/os-tinjenova.splet.arnes.si\/index.php?rest_route=%2Fwp%2Fv2%2Ftags&post=958"}],"curies":[{"name":"wp","href":"https:\/\/api.w.org\/{rel}","templated":true}]}}